{"id":67889,"date":"2025-06-15T19:34:00","date_gmt":"2025-06-16T00:34:00","guid":{"rendered":"https:\/\/www.hipodromo.com\/?p=67889"},"modified":"2025-06-15T19:36:43","modified_gmt":"2025-06-16T00:36:43","slug":"jaque-doble-demuestra-su-calidad-en-el-clasico-felipe-motta","status":"publish","type":"post","link":"https:\/\/www.hipodromo.com\/index.php\/2025\/06\/jaque-doble-demuestra-su-calidad-en-el-clasico-felipe-motta\/","title":{"rendered":"Jaque Doble demuestra su calidad en el Cl\u00e1sico Felipe Motta"},"content":{"rendered":"<p><strong>Jaque Doble sac\u00f3 a relucir su clase y potencia para imponerse con autoridad en el Cl\u00e1sico Felipe Motta, evento celebrado este domingo 15 de junio en el Hip\u00f3dromo Presidente Rem\u00f3n.<\/strong><\/p>\n<p><strong>La destacada hembra colorada de cuatro a\u00f1os, hija de Indiano en Goyesca por A.P. Indy, representa los colores del Stud Carmen Cristina y est\u00e1 bajo la preparaci\u00f3n del experimentado Eligio Oca\u00f1a.<\/strong><\/p>\n<p><strong>Con una brillante conducci\u00f3n del jinete Luis E. Arango, Jaque Doble cubri\u00f3 la distancia de 1,400 metros en tiempo de 1:24 3\/5, luego de pasar los fraccionales en 22 4\/5 (400 metros), 45 3\/5 (800 metros) y 1:11.0 exacto los (1,200 metros).<\/strong><\/p>\n<p><strong>EL orden de llegada de este evento estelar fue el siguiente: Jaque Doble, primero; Sol Premier, segundo; Lady Greeley, arrib\u00f3 tercero;\u00a0 Dejanira, termino cuarto y Wonder Lady, cerr\u00f3 el marcador.<\/strong><\/p>\n<p><strong>Durante la emotiva ceremonia de premiaci\u00f3n, Lineth de Orillac entreg\u00f3 el trofeo principal a Carmen Cristina Arcia, en representaci\u00f3n del Stud Carmen Cristina.<\/strong><\/p>\n<p><strong>Tambi\u00e9n participaron en la entrega de reconocimientos: Juan Pablo Motta al preparador Eligio Oca\u00f1a; Ana Mae Boyd al jinete Luis E. Arango;\u00a0 July Orillac al mozo de corral Omar Guerra; Gabriel Motta al palafrenero Edwin Medina y Ricardo Motta al pony boy Isa\u00edas Vergara.<\/strong><\/p>\n<p><strong>El acto cont\u00f3 con la presencia del Sr. Carlos de Oliveira, director del Hip\u00f3dromo Presidente Rem\u00f3n, Jos\u00e9 Carrillo y familiares del homenajeado, quienes resaltaron el legado y aporte de Felipe Motta al desarrollo de la h\u00edpica nacional.<\/strong><\/p>\n\n\n<figure class=\"wp-block-image size-full\"><img decoding=\"async\" src=\"https:\/\/www.hipodromo.com\/wp-content\/themes\/salmon\/frontend\/assets\/images\/placeholder.png\" data-src=\"https:\/\/www.hipodromo.com\/wp-content\/uploads\/2025\/06\/Captura-de-pantalla-2025-06-15-193104.jpg\" alt=\"\" class=\"fy-image fy-image-responsive fy-lazy wp-image-67895\"\/><noscript><img loading=\"lazy\" decoding=\"async\" width=\"908\" height=\"425\" src=\"https:\/\/www.hipodromo.com\/wp-content\/uploads\/2025\/06\/Captura-de-pantalla-2025-06-15-193104.jpg\" alt=\"\" class=\"wp-image-67895\" srcset=\"https:\/\/www.hipodromo.com\/wp-content\/uploads\/2025\/06\/Captura-de-pantalla-2025-06-15-193104.jpg 908w, https:\/\/www.hipodromo.com\/wp-content\/uploads\/2025\/06\/Captura-de-pantalla-2025-06-15-193104-300x140.jpg 300w, https:\/\/www.hipodromo.com\/wp-content\/uploads\/2025\/06\/Captura-de-pantalla-2025-06-15-193104-768x359.jpg 768w\" sizes=\"auto, (max-width: 908px) 100vw, 908px\" \/><\/noscript><\/figure>\n\n\n\n<p><\/p>\n\n\n\n<figure class=\"wp-block-image size-large is-resized\"><img decoding=\"async\" src=\"https:\/\/www.hipodromo.com\/wp-content\/themes\/salmon\/frontend\/assets\/images\/placeholder.png\" data-src=\"https:\/\/www.hipodromo.com\/wp-content\/uploads\/2025\/06\/CARRERA-7.5-1-JAQUE-DOBLE-1024x576.jpg\" alt=\"\" class=\"fy-image fy-image-responsive fy-lazy wp-image-67896\" style=\"width:620px;height:auto\"\/><noscript><img loading=\"lazy\" decoding=\"async\" width=\"1024\" height=\"576\" src=\"https:\/\/www.hipodromo.com\/wp-content\/uploads\/2025\/06\/CARRERA-7.5-1-JAQUE-DOBLE-1024x576.jpg\" alt=\"\" class=\"wp-image-67896\" style=\"width:620px;height:auto\" srcset=\"https:\/\/www.hipodromo.com\/wp-content\/uploads\/2025\/06\/CARRERA-7.5-1-JAQUE-DOBLE-1024x576.jpg 1024w, https:\/\/www.hipodromo.com\/wp-content\/uploads\/2025\/06\/CARRERA-7.5-1-JAQUE-DOBLE-300x169.jpg 300w, https:\/\/www.hipodromo.com\/wp-content\/uploads\/2025\/06\/CARRERA-7.5-1-JAQUE-DOBLE-768x432.jpg 768w, https:\/\/www.hipodromo.com\/wp-content\/uploads\/2025\/06\/CARRERA-7.5-1-JAQUE-DOBLE-1536x864.jpg 1536w, https:\/\/www.hipodromo.com\/wp-content\/uploads\/2025\/06\/CARRERA-7.5-1-JAQUE-DOBLE-2048x1152.jpg 2048w, https:\/\/www.hipodromo.com\/wp-content\/uploads\/2025\/06\/CARRERA-7.5-1-JAQUE-DOBLE-1920x1080.jpg 1920w\" sizes=\"auto, (max-width: 1024px) 100vw, 1024px\" \/><\/noscript><\/figure>\n\n\n\n<p><\/p>\n\n\n\n<figure class=\"wp-block-image size-large is-resized\"><img decoding=\"async\" src=\"https:\/\/www.hipodromo.com\/wp-content\/themes\/salmon\/frontend\/assets\/images\/placeholder.png\" data-src=\"https:\/\/www.hipodromo.com\/wp-content\/uploads\/2025\/06\/CARRERA-7.4-1-JAQUE-DOBLE-1024x576.jpg\" alt=\"\" class=\"fy-image fy-image-responsive fy-lazy wp-image-67898\" style=\"width:623px;height:auto\"\/><noscript><img loading=\"lazy\" decoding=\"async\" width=\"1024\" height=\"576\" src=\"https:\/\/www.hipodromo.com\/wp-content\/uploads\/2025\/06\/CARRERA-7.4-1-JAQUE-DOBLE-1024x576.jpg\" alt=\"\" class=\"wp-image-67898\" style=\"width:623px;height:auto\" srcset=\"https:\/\/www.hipodromo.com\/wp-content\/uploads\/2025\/06\/CARRERA-7.4-1-JAQUE-DOBLE-1024x576.jpg 1024w, https:\/\/www.hipodromo.com\/wp-content\/uploads\/2025\/06\/CARRERA-7.4-1-JAQUE-DOBLE-300x169.jpg 300w, https:\/\/www.hipodromo.com\/wp-content\/uploads\/2025\/06\/CARRERA-7.4-1-JAQUE-DOBLE-768x432.jpg 768w, https:\/\/www.hipodromo.com\/wp-content\/uploads\/2025\/06\/CARRERA-7.4-1-JAQUE-DOBLE-1536x864.jpg 1536w, https:\/\/www.hipodromo.com\/wp-content\/uploads\/2025\/06\/CARRERA-7.4-1-JAQUE-DOBLE-2048x1152.jpg 2048w, https:\/\/www.hipodromo.com\/wp-content\/uploads\/2025\/06\/CARRERA-7.4-1-JAQUE-DOBLE-1920x1080.jpg 1920w\" sizes=\"auto, (max-width: 1024px) 100vw, 1024px\" \/><\/noscript><\/figure>\n","protected":false},"excerpt":{"rendered":"<p>Jaque Doble sac\u00f3 a relucir su clase y potencia para imponerse con autoridad en el Cl\u00e1sico Felipe Motta, evento celebrado este domingo 15 de junio en el Hip\u00f3dromo Presidente Rem\u00f3n. &#8230;<\/p>\n","protected":false},"author":19,"featured_media":67890,"comment_status":"closed","ping_status":"closed","sticky":false,"template":"","format":"standard","meta":{"_exactmetrics_skip_tracking":false,"_exactmetrics_sitenote_active":false,"_exactmetrics_sitenote_note":"","_exactmetrics_sitenote_category":0,"footnotes":""},"categories":[99],"tags":[],"class_list":["post-67889","post","type-post","status-publish","format-standard","has-post-thumbnail","hentry","category-carreras-de-caballos"],"_links":{"self":[{"href":"https:\/\/www.hipodromo.com\/index.php\/wp-json\/wp\/v2\/posts\/67889","targetHints":{"allow":["GET"]}}],"collection":[{"href":"https:\/\/www.hipodromo.com\/index.php\/wp-json\/wp\/v2\/posts"}],"about":[{"href":"https:\/\/www.hipodromo.com\/index.php\/wp-json\/wp\/v2\/types\/post"}],"author":[{"embeddable":true,"href":"https:\/\/www.hipodromo.com\/index.php\/wp-json\/wp\/v2\/users\/19"}],"replies":[{"embeddable":true,"href":"https:\/\/www.hipodromo.com\/index.php\/wp-json\/wp\/v2\/comments?post=67889"}],"version-history":[{"count":3,"href":"https:\/\/www.hipodromo.com\/index.php\/wp-json\/wp\/v2\/posts\/67889\/revisions"}],"predecessor-version":[{"id":67899,"href":"https:\/\/www.hipodromo.com\/index.php\/wp-json\/wp\/v2\/posts\/67889\/revisions\/67899"}],"wp:featuredmedia":[{"embeddable":true,"href":"https:\/\/www.hipodromo.com\/index.php\/wp-json\/wp\/v2\/media\/67890"}],"wp:attachment":[{"href":"https:\/\/www.hipodromo.com\/index.php\/wp-json\/wp\/v2\/media?parent=67889"}],"wp:term":[{"taxonomy":"category","embeddable":true,"href":"https:\/\/www.hipodromo.com\/index.php\/wp-json\/wp\/v2\/categories?post=67889"},{"taxonomy":"post_tag","embeddable":true,"href":"https:\/\/www.hipodromo.com\/index.php\/wp-json\/wp\/v2\/tags?post=67889"}],"curies":[{"name":"wp","href":"https:\/\/api.w.org\/{rel}","templated":true}]}}