{"id":66795,"date":"2025-05-01T19:21:48","date_gmt":"2025-05-02T00:21:48","guid":{"rendered":"https:\/\/www.hipodromo.com\/?p=66795"},"modified":"2025-05-02T14:45:59","modified_gmt":"2025-05-02T19:45:59","slug":"senescal-brilla-en-el-clasico-dia-internacional-del-trabajador","status":"publish","type":"post","link":"https:\/\/www.hipodromo.com\/index.php\/2025\/05\/senescal-brilla-en-el-clasico-dia-internacional-del-trabajador\/","title":{"rendered":"Senescal Brilla en el Cl\u00e1sico D\u00eda Internacional  del Trabajador"},"content":{"rendered":"<p>En una destacada actuaci\u00f3n, el potro estadounidense Senescal se alz\u00f3 con la victoria en el Cl\u00e1sico D\u00eda Internacional del Trabajador, celebrado el jueves 1 de mayo en el Hip\u00f3dromo Presidente Rem\u00f3n.<\/p>\n<p>Con una impecable monta del jinete Jimmy Carri\u00f3n, Senescal demostr\u00f3 su superioridad en la pista, recorriendo los 1,800 metros en un tiempo de 1:53.0.<\/p>\n<p>Senescal, un potro colorado de tres a\u00f1os, es hijo de Frosted en Pacific Calm por Candy Ride, perteneciente a los colores del propietario Oscar Molina Pacheco y est\u00e1 bajo la preparaci\u00f3n del entrenador Eligio Oca\u00f1a.<\/p>\n<p>Los parciales de la carrera fueron los siguientes: 23.4 segundos para los primeros 400 metros, 49.1 segundos en los 800 metros, 1:14.2 en los 1,200 metros y 1:39.4 en los 1,600 metros.<\/p>\n<p>El orden de llegada fue:\u00a0Senescal, primero; Arrepinchoso, segundo; Imperante, tercero;\u00a0 Adage, arrib\u00f3 en la cuarta casilla y Enomao, cerr\u00f3 el marcador.<\/p>\n<p>Durante la ceremonia de premiaci\u00f3n, el viceministro de Trabajo, S.E. Gregorio Ord\u00f3\u00f1ez, entreg\u00f3 el trofeo al propietario ganador, Oscar Molina Pacheco.\u00a0 El secretario general del MITRADEL, Dar\u00edo Sandoval, reconoci\u00f3 al preparador Eligio Oca\u00f1a, mientras que Lina Montenegro, directora contra el trabajo infantil, premi\u00f3 al jinete Jimmy Carri\u00f3n.\u00a0 Juan Guerrero, director de innovaci\u00f3n del MITRADEL, entreg\u00f3 el reconocimiento al mozo de corral Clarence Gonz\u00e1lez.\u00a0 Asimismo, Oriel Dom\u00ednguez, jefe de asesor\u00eda legal, premi\u00f3 al palafrenero Edwin Medina, y Aris Abrego, jefe de relaciones p\u00fablicas, al pony boy Luis Arango Jr.<\/p>\n<p>El evento cont\u00f3 con la presencia de Carlos de Oliveira, director de operaciones del hip\u00f3dromo, y otros invitados especiales, quienes celebraron el \u00e9xito de esta tradicional competencia que rinde homenaje a los trabajadores en su d\u00eda.<\/p>\n\n\n<figure class=\"wp-block-image size-large\"><img decoding=\"async\" src=\"https:\/\/www.hipodromo.com\/wp-content\/themes\/salmon\/frontend\/assets\/images\/placeholder.png\" data-src=\"https:\/\/www.hipodromo.com\/wp-content\/uploads\/2025\/05\/3-1024x393.png\" alt=\"\" class=\"fy-image fy-image-responsive fy-lazy wp-image-66838\"\/><noscript><img loading=\"lazy\" decoding=\"async\" width=\"1113\" height=\"427\" src=\"https:\/\/www.hipodromo.com\/wp-content\/uploads\/2025\/05\/3-1024x393.png\" alt=\"\" class=\"wp-image-66838\" srcset=\"https:\/\/www.hipodromo.com\/wp-content\/uploads\/2025\/05\/3-1024x393.png 1024w, https:\/\/www.hipodromo.com\/wp-content\/uploads\/2025\/05\/3-300x115.png 300w, https:\/\/www.hipodromo.com\/wp-content\/uploads\/2025\/05\/3-768x295.png 768w, https:\/\/www.hipodromo.com\/wp-content\/uploads\/2025\/05\/3.png 1113w\" sizes=\"auto, (max-width: 1113px) 100vw, 1113px\" \/><\/noscript><\/figure>\n\n\n\n<figure class=\"wp-block-image size-large is-resized\"><img decoding=\"async\" src=\"https:\/\/www.hipodromo.com\/wp-content\/themes\/salmon\/frontend\/assets\/images\/placeholder.png\" data-src=\"https:\/\/www.hipodromo.com\/wp-content\/uploads\/2025\/05\/4-1024x683.jpg\" alt=\"\" class=\"fy-image fy-image-responsive fy-lazy wp-image-66839\" style=\"width:506px;height:auto\"\/><noscript><img loading=\"lazy\" decoding=\"async\" width=\"1024\" height=\"683\" src=\"https:\/\/www.hipodromo.com\/wp-content\/uploads\/2025\/05\/4-1024x683.jpg\" alt=\"\" class=\"wp-image-66839\" style=\"width:506px;height:auto\" srcset=\"https:\/\/www.hipodromo.com\/wp-content\/uploads\/2025\/05\/4-1024x683.jpg 1024w, https:\/\/www.hipodromo.com\/wp-content\/uploads\/2025\/05\/4-300x200.jpg 300w, https:\/\/www.hipodromo.com\/wp-content\/uploads\/2025\/05\/4-768x512.jpg 768w, https:\/\/www.hipodromo.com\/wp-content\/uploads\/2025\/05\/4-1536x1024.jpg 1536w, https:\/\/www.hipodromo.com\/wp-content\/uploads\/2025\/05\/4-2048x1365.jpg 2048w, https:\/\/www.hipodromo.com\/wp-content\/uploads\/2025\/05\/4-1920x1280.jpg 1920w, https:\/\/www.hipodromo.com\/wp-content\/uploads\/2025\/05\/4-272x182.jpg 272w\" sizes=\"auto, (max-width: 1024px) 100vw, 1024px\" \/><\/noscript><\/figure>\n\n\n\n<figure class=\"wp-block-image size-large is-resized\"><img decoding=\"async\" src=\"https:\/\/www.hipodromo.com\/wp-content\/themes\/salmon\/frontend\/assets\/images\/placeholder.png\" data-src=\"https:\/\/www.hipodromo.com\/wp-content\/uploads\/2025\/05\/5-1024x683.jpg\" alt=\"\" class=\"fy-image fy-image-responsive fy-lazy wp-image-66840\" style=\"width:509px;height:auto\"\/><noscript><img loading=\"lazy\" decoding=\"async\" width=\"1024\" height=\"683\" src=\"https:\/\/www.hipodromo.com\/wp-content\/uploads\/2025\/05\/5-1024x683.jpg\" alt=\"\" class=\"wp-image-66840\" style=\"width:509px;height:auto\" srcset=\"https:\/\/www.hipodromo.com\/wp-content\/uploads\/2025\/05\/5-1024x683.jpg 1024w, https:\/\/www.hipodromo.com\/wp-content\/uploads\/2025\/05\/5-300x200.jpg 300w, https:\/\/www.hipodromo.com\/wp-content\/uploads\/2025\/05\/5-768x512.jpg 768w, https:\/\/www.hipodromo.com\/wp-content\/uploads\/2025\/05\/5-1536x1024.jpg 1536w, https:\/\/www.hipodromo.com\/wp-content\/uploads\/2025\/05\/5-2048x1365.jpg 2048w, https:\/\/www.hipodromo.com\/wp-content\/uploads\/2025\/05\/5-1920x1280.jpg 1920w, https:\/\/www.hipodromo.com\/wp-content\/uploads\/2025\/05\/5-272x182.jpg 272w\" sizes=\"auto, (max-width: 1024px) 100vw, 1024px\" \/><\/noscript><\/figure>\n\n\n\n<p><\/p>\n","protected":false},"excerpt":{"rendered":"<p>En una destacada actuaci\u00f3n, el potro estadounidense Senescal se alz\u00f3 con la victoria en el Cl\u00e1sico D\u00eda Internacional del Trabajador, celebrado el jueves 1 de mayo en el Hip\u00f3dromo Presidente &#8230;<\/p>\n","protected":false},"author":19,"featured_media":66796,"comment_status":"closed","ping_status":"closed","sticky":false,"template":"","format":"standard","meta":{"_exactmetrics_skip_tracking":false,"_exactmetrics_sitenote_active":false,"_exactmetrics_sitenote_note":"","_exactmetrics_sitenote_category":0,"footnotes":""},"categories":[99],"tags":[],"class_list":["post-66795","post","type-post","status-publish","format-standard","has-post-thumbnail","hentry","category-carreras-de-caballos"],"_links":{"self":[{"href":"https:\/\/www.hipodromo.com\/index.php\/wp-json\/wp\/v2\/posts\/66795","targetHints":{"allow":["GET"]}}],"collection":[{"href":"https:\/\/www.hipodromo.com\/index.php\/wp-json\/wp\/v2\/posts"}],"about":[{"href":"https:\/\/www.hipodromo.com\/index.php\/wp-json\/wp\/v2\/types\/post"}],"author":[{"embeddable":true,"href":"https:\/\/www.hipodromo.com\/index.php\/wp-json\/wp\/v2\/users\/19"}],"replies":[{"embeddable":true,"href":"https:\/\/www.hipodromo.com\/index.php\/wp-json\/wp\/v2\/comments?post=66795"}],"version-history":[{"count":2,"href":"https:\/\/www.hipodromo.com\/index.php\/wp-json\/wp\/v2\/posts\/66795\/revisions"}],"predecessor-version":[{"id":66841,"href":"https:\/\/www.hipodromo.com\/index.php\/wp-json\/wp\/v2\/posts\/66795\/revisions\/66841"}],"wp:featuredmedia":[{"embeddable":true,"href":"https:\/\/www.hipodromo.com\/index.php\/wp-json\/wp\/v2\/media\/66796"}],"wp:attachment":[{"href":"https:\/\/www.hipodromo.com\/index.php\/wp-json\/wp\/v2\/media?parent=66795"}],"wp:term":[{"taxonomy":"category","embeddable":true,"href":"https:\/\/www.hipodromo.com\/index.php\/wp-json\/wp\/v2\/categories?post=66795"},{"taxonomy":"post_tag","embeddable":true,"href":"https:\/\/www.hipodromo.com\/index.php\/wp-json\/wp\/v2\/tags?post=66795"}],"curies":[{"name":"wp","href":"https:\/\/api.w.org\/{rel}","templated":true}]}}